{"id":1391,"date":"2020-07-09T21:29:46","date_gmt":"2020-07-10T01:29:46","guid":{"rendered":"https:\/\/c-go.org\/2020\/07\/09\/consignes-de-prevention-pour-la-chaleur\/"},"modified":"2020-07-09T21:30:10","modified_gmt":"2020-07-10T01:30:10","slug":"consignes-de-prevention-pour-la-chaleur","status":"publish","type":"post","link":"https:\/\/c-go.org\/en\/2020\/07\/09\/consignes-de-prevention-pour-la-chaleur\/","title":{"rendered":"Consignes de pr\u00e9vention pour la chaleur"},"content":{"rendered":"<h3 style=\"text-align: center;\">Vague de chaleur<\/h3>\n<p style=\"text-align: center;\"><a href=\"https:\/\/c-go.org\/wp-content\/uploads\/2020\/07\/2020-07-08_Vague-de-chaleur-se-prot\u00e9ger.pdf\">Cliquez-ici pour t\u00e9l\u00e9charger le document en PDF<\/a><\/p>\n<p><img loading=\"lazy\" decoding=\"async\" class=\"alignnone wp-image-1388 size-large\" src=\"https:\/\/c-go.org\/wp-content\/uploads\/2020\/07\/2020-07-08_Vague-de-chaleur-se-prot\u00e9ger-page-001-791x1024.jpg\" alt=\"\" width=\"791\" height=\"1024\" srcset=\"https:\/\/c-go.org\/wp-content\/uploads\/2020\/07\/2020-07-08_Vague-de-chaleur-se-prot\u00e9ger-page-001-791x1024.jpg 791w, https:\/\/c-go.org\/wp-content\/uploads\/2020\/07\/2020-07-08_Vague-de-chaleur-se-prot\u00e9ger-page-001-232x300.jpg 232w, https:\/\/c-go.org\/wp-content\/uploads\/2020\/07\/2020-07-08_Vague-de-chaleur-se-prot\u00e9ger-page-001-768x994.jpg 768w, https:\/\/c-go.org\/wp-content\/uploads\/2020\/07\/2020-07-08_Vague-de-chaleur-se-prot\u00e9ger-page-001-1187x1536.jpg 1187w, https:\/\/c-go.org\/wp-content\/uploads\/2020\/07\/2020-07-08_Vague-de-chaleur-se-prot\u00e9ger-page-001-1583x2048.jpg 1583w, https:\/\/c-go.org\/wp-content\/uploads\/2020\/07\/2020-07-08_Vague-de-chaleur-se-prot\u00e9ger-page-001-scaled.jpg 1978w\" sizes=\"auto, (max-width: 791px) 100vw, 791px\" \/><\/p>\n<p><img loading=\"lazy\" decoding=\"async\" class=\"alignnone wp-image-1386 size-large\" src=\"https:\/\/c-go.org\/wp-content\/uploads\/2020\/07\/2020-07-08_Vague-de-chaleur-se-prot\u00e9ger-page-002-791x1024.jpg\" alt=\"\" width=\"791\" height=\"1024\" srcset=\"https:\/\/c-go.org\/wp-content\/uploads\/2020\/07\/2020-07-08_Vague-de-chaleur-se-prot\u00e9ger-page-002-791x1024.jpg 791w, https:\/\/c-go.org\/wp-content\/uploads\/2020\/07\/2020-07-08_Vague-de-chaleur-se-prot\u00e9ger-page-002-232x300.jpg 232w, https:\/\/c-go.org\/wp-content\/uploads\/2020\/07\/2020-07-08_Vague-de-chaleur-se-prot\u00e9ger-page-002-768x994.jpg 768w, https:\/\/c-go.org\/wp-content\/uploads\/2020\/07\/2020-07-08_Vague-de-chaleur-se-prot\u00e9ger-page-002-1187x1536.jpg 1187w, https:\/\/c-go.org\/wp-content\/uploads\/2020\/07\/2020-07-08_Vague-de-chaleur-se-prot\u00e9ger-page-002-1583x2048.jpg 1583w, https:\/\/c-go.org\/wp-content\/uploads\/2020\/07\/2020-07-08_Vague-de-chaleur-se-prot\u00e9ger-page-002-scaled.jpg 1978w\" sizes=\"auto, (max-width: 791px) 100vw, 791px\" \/><\/p>\n<p><img loading=\"lazy\" decoding=\"async\" class=\"alignnone wp-image-1384 size-large\" src=\"https:\/\/c-go.org\/wp-content\/uploads\/2020\/07\/2020-07-08_Vague-de-chaleur-se-prot\u00e9ger-page-003-791x1024.jpg\" alt=\"\" width=\"791\" height=\"1024\" srcset=\"https:\/\/c-go.org\/wp-content\/uploads\/2020\/07\/2020-07-08_Vague-de-chaleur-se-prot\u00e9ger-page-003-791x1024.jpg 791w, https:\/\/c-go.org\/wp-content\/uploads\/2020\/07\/2020-07-08_Vague-de-chaleur-se-prot\u00e9ger-page-003-232x300.jpg 232w, https:\/\/c-go.org\/wp-content\/uploads\/2020\/07\/2020-07-08_Vague-de-chaleur-se-prot\u00e9ger-page-003-768x994.jpg 768w, https:\/\/c-go.org\/wp-content\/uploads\/2020\/07\/2020-07-08_Vague-de-chaleur-se-prot\u00e9ger-page-003-1187x1536.jpg 1187w, https:\/\/c-go.org\/wp-content\/uploads\/2020\/07\/2020-07-08_Vague-de-chaleur-se-prot\u00e9ger-page-003-1583x2048.jpg 1583w, https:\/\/c-go.org\/wp-content\/uploads\/2020\/07\/2020-07-08_Vague-de-chaleur-se-prot\u00e9ger-page-003-scaled.jpg 1978w\" sizes=\"auto, (max-width: 791px) 100vw, 791px\" \/><\/p>\n","protected":false},"excerpt":{"rendered":"<p>Vague de chaleur Cliquez-ici pour t\u00e9l\u00e9charger le document en PDF<\/p>\n","protected":false},"author":4,"featured_media":0,"comment_status":"open","ping_status":"open","sticky":false,"template":"","format":"standard","meta":{"_acf_changed":false,"content-type":"","footnotes":""},"categories":[6],"tags":[],"class_list":["post-1391","post","type-post","status-publish","format-standard","hentry","category-uncategorized"],"acf":[],"yoast_head":"<!-- This site is optimized with the Yoast SEO plugin v27.3 - https:\/\/yoast.com\/product\/yoast-seo-wordpress\/ -->\n<title>Consignes de pr\u00e9vention pour la chaleur &#8212; Communaut\u00e9s Gatineau Ouest<\/title>\n<meta name=\"robots\" content=\"index, follow, max-snippet:-1, max-image-preview:large, max-video-preview:-1\" \/>\n<link rel=\"canonical\" href=\"https:\/\/c-go.org\/en\/2020\/07\/09\/consignes-de-prevention-pour-la-chaleur\/\" \/>\n<meta property=\"og:locale\" content=\"en_US\" \/>\n<meta property=\"og:type\" content=\"article\" \/>\n<meta property=\"og:title\" content=\"Consignes de pr\u00e9vention pour la chaleur &#8212; Communaut\u00e9s Gatineau Ouest\" \/>\n<meta property=\"og:description\" content=\"Vague de chaleur Cliquez-ici pour t\u00e9l\u00e9charger le document en PDF\" \/>\n<meta property=\"og:url\" content=\"https:\/\/c-go.org\/en\/2020\/07\/09\/consignes-de-prevention-pour-la-chaleur\/\" \/>\n<meta property=\"og:site_name\" content=\"Communaut\u00e9s Gatineau Ouest\" \/>\n<meta property=\"article:publisher\" content=\"https:\/\/www.facebook.com\/communautes.gatineauouest\" \/>\n<meta property=\"article:published_time\" content=\"2020-07-10T01:29:46+00:00\" \/>\n<meta property=\"article:modified_time\" content=\"2020-07-10T01:30:10+00:00\" \/>\n<meta property=\"og:image\" content=\"https:\/\/c-go.org\/wp-content\/uploads\/2020\/07\/2020-07-08_Vague-de-chaleur-se-prot\u00e9ger-page-001-791x1024.jpg\" \/>\n<meta name=\"author\" content=\"Aur\u00e9lie\" \/>\n<meta name=\"twitter:card\" content=\"summary_large_image\" \/>\n<meta name=\"twitter:label1\" content=\"Written by\" \/>\n\t<meta name=\"twitter:data1\" content=\"Aur\u00e9lie\" \/>\n<script type=\"application\/ld+json\" class=\"yoast-schema-graph\">{\"@context\":\"https:\\\/\\\/schema.org\",\"@graph\":[{\"@type\":\"Article\",\"@id\":\"https:\\\/\\\/c-go.org\\\/en\\\/2020\\\/07\\\/09\\\/consignes-de-prevention-pour-la-chaleur\\\/#article\",\"isPartOf\":{\"@id\":\"https:\\\/\\\/c-go.org\\\/en\\\/2020\\\/07\\\/09\\\/consignes-de-prevention-pour-la-chaleur\\\/\"},\"author\":{\"name\":\"Aur\u00e9lie\",\"@id\":\"https:\\\/\\\/c-go.org\\\/#\\\/schema\\\/person\\\/aa8fd9ca071e810eee2fa3f1375cab05\"},\"headline\":\"Consignes de pr\u00e9vention pour la chaleur\",\"datePublished\":\"2020-07-10T01:29:46+00:00\",\"dateModified\":\"2020-07-10T01:30:10+00:00\",\"mainEntityOfPage\":{\"@id\":\"https:\\\/\\\/c-go.org\\\/en\\\/2020\\\/07\\\/09\\\/consignes-de-prevention-pour-la-chaleur\\\/\"},\"wordCount\":19,\"commentCount\":0,\"inLanguage\":\"en-US\"},{\"@type\":\"WebPage\",\"@id\":\"https:\\\/\\\/c-go.org\\\/en\\\/2020\\\/07\\\/09\\\/consignes-de-prevention-pour-la-chaleur\\\/\",\"url\":\"https:\\\/\\\/c-go.org\\\/en\\\/2020\\\/07\\\/09\\\/consignes-de-prevention-pour-la-chaleur\\\/\",\"name\":\"Consignes de pr\u00e9vention pour la chaleur &#8212; Communaut\u00e9s Gatineau Ouest\",\"isPartOf\":{\"@id\":\"https:\\\/\\\/c-go.org\\\/#website\"},\"datePublished\":\"2020-07-10T01:29:46+00:00\",\"dateModified\":\"2020-07-10T01:30:10+00:00\",\"author\":{\"@id\":\"https:\\\/\\\/c-go.org\\\/#\\\/schema\\\/person\\\/aa8fd9ca071e810eee2fa3f1375cab05\"},\"breadcrumb\":{\"@id\":\"https:\\\/\\\/c-go.org\\\/en\\\/2020\\\/07\\\/09\\\/consignes-de-prevention-pour-la-chaleur\\\/#breadcrumb\"},\"inLanguage\":\"en-US\",\"potentialAction\":[{\"@type\":\"ReadAction\",\"target\":[\"https:\\\/\\\/c-go.org\\\/en\\\/2020\\\/07\\\/09\\\/consignes-de-prevention-pour-la-chaleur\\\/\"]}]},{\"@type\":\"BreadcrumbList\",\"@id\":\"https:\\\/\\\/c-go.org\\\/en\\\/2020\\\/07\\\/09\\\/consignes-de-prevention-pour-la-chaleur\\\/#breadcrumb\",\"itemListElement\":[{\"@type\":\"ListItem\",\"position\":1,\"name\":\"Accueil\",\"item\":\"https:\\\/\\\/c-go.org\\\/en\\\/\"},{\"@type\":\"ListItem\",\"position\":2,\"name\":\"Consignes de pr\u00e9vention pour la chaleur\"}]},{\"@type\":\"WebSite\",\"@id\":\"https:\\\/\\\/c-go.org\\\/#website\",\"url\":\"https:\\\/\\\/c-go.org\\\/\",\"name\":\"Communaut\u00e9s Gatineau Ouest\",\"description\":\"\",\"potentialAction\":[{\"@type\":\"SearchAction\",\"target\":{\"@type\":\"EntryPoint\",\"urlTemplate\":\"https:\\\/\\\/c-go.org\\\/?s={search_term_string}\"},\"query-input\":{\"@type\":\"PropertyValueSpecification\",\"valueRequired\":true,\"valueName\":\"search_term_string\"}}],\"inLanguage\":\"en-US\"},{\"@type\":\"Person\",\"@id\":\"https:\\\/\\\/c-go.org\\\/#\\\/schema\\\/person\\\/aa8fd9ca071e810eee2fa3f1375cab05\",\"name\":\"Aur\u00e9lie\",\"image\":{\"@type\":\"ImageObject\",\"inLanguage\":\"en-US\",\"@id\":\"https:\\\/\\\/secure.gravatar.com\\\/avatar\\\/17ad3c5ab44f5ade4d1501bba8088c0a760b08425614a0ada6ccedd6af89cbf4?s=96&d=mm&r=g\",\"url\":\"https:\\\/\\\/secure.gravatar.com\\\/avatar\\\/17ad3c5ab44f5ade4d1501bba8088c0a760b08425614a0ada6ccedd6af89cbf4?s=96&d=mm&r=g\",\"contentUrl\":\"https:\\\/\\\/secure.gravatar.com\\\/avatar\\\/17ad3c5ab44f5ade4d1501bba8088c0a760b08425614a0ada6ccedd6af89cbf4?s=96&d=mm&r=g\",\"caption\":\"Aur\u00e9lie\"}}]}<\/script>\n<!-- \/ Yoast SEO plugin. -->","yoast_head_json":{"title":"Consignes de pr\u00e9vention pour la chaleur &#8212; Communaut\u00e9s Gatineau Ouest","robots":{"index":"index","follow":"follow","max-snippet":"max-snippet:-1","max-image-preview":"max-image-preview:large","max-video-preview":"max-video-preview:-1"},"canonical":"https:\/\/c-go.org\/en\/2020\/07\/09\/consignes-de-prevention-pour-la-chaleur\/","og_locale":"en_US","og_type":"article","og_title":"Consignes de pr\u00e9vention pour la chaleur &#8212; Communaut\u00e9s Gatineau Ouest","og_description":"Vague de chaleur Cliquez-ici pour t\u00e9l\u00e9charger le document en PDF","og_url":"https:\/\/c-go.org\/en\/2020\/07\/09\/consignes-de-prevention-pour-la-chaleur\/","og_site_name":"Communaut\u00e9s Gatineau Ouest","article_publisher":"https:\/\/www.facebook.com\/communautes.gatineauouest","article_published_time":"2020-07-10T01:29:46+00:00","article_modified_time":"2020-07-10T01:30:10+00:00","og_image":[{"url":"https:\/\/c-go.org\/wp-content\/uploads\/2020\/07\/2020-07-08_Vague-de-chaleur-se-prot\u00e9ger-page-001-791x1024.jpg","type":"","width":"","height":""}],"author":"Aur\u00e9lie","twitter_card":"summary_large_image","twitter_misc":{"Written by":"Aur\u00e9lie"},"schema":{"@context":"https:\/\/schema.org","@graph":[{"@type":"Article","@id":"https:\/\/c-go.org\/en\/2020\/07\/09\/consignes-de-prevention-pour-la-chaleur\/#article","isPartOf":{"@id":"https:\/\/c-go.org\/en\/2020\/07\/09\/consignes-de-prevention-pour-la-chaleur\/"},"author":{"name":"Aur\u00e9lie","@id":"https:\/\/c-go.org\/#\/schema\/person\/aa8fd9ca071e810eee2fa3f1375cab05"},"headline":"Consignes de pr\u00e9vention pour la chaleur","datePublished":"2020-07-10T01:29:46+00:00","dateModified":"2020-07-10T01:30:10+00:00","mainEntityOfPage":{"@id":"https:\/\/c-go.org\/en\/2020\/07\/09\/consignes-de-prevention-pour-la-chaleur\/"},"wordCount":19,"commentCount":0,"inLanguage":"en-US"},{"@type":"WebPage","@id":"https:\/\/c-go.org\/en\/2020\/07\/09\/consignes-de-prevention-pour-la-chaleur\/","url":"https:\/\/c-go.org\/en\/2020\/07\/09\/consignes-de-prevention-pour-la-chaleur\/","name":"Consignes de pr\u00e9vention pour la chaleur &#8212; Communaut\u00e9s Gatineau Ouest","isPartOf":{"@id":"https:\/\/c-go.org\/#website"},"datePublished":"2020-07-10T01:29:46+00:00","dateModified":"2020-07-10T01:30:10+00:00","author":{"@id":"https:\/\/c-go.org\/#\/schema\/person\/aa8fd9ca071e810eee2fa3f1375cab05"},"breadcrumb":{"@id":"https:\/\/c-go.org\/en\/2020\/07\/09\/consignes-de-prevention-pour-la-chaleur\/#breadcrumb"},"inLanguage":"en-US","potentialAction":[{"@type":"ReadAction","target":["https:\/\/c-go.org\/en\/2020\/07\/09\/consignes-de-prevention-pour-la-chaleur\/"]}]},{"@type":"BreadcrumbList","@id":"https:\/\/c-go.org\/en\/2020\/07\/09\/consignes-de-prevention-pour-la-chaleur\/#breadcrumb","itemListElement":[{"@type":"ListItem","position":1,"name":"Accueil","item":"https:\/\/c-go.org\/en\/"},{"@type":"ListItem","position":2,"name":"Consignes de pr\u00e9vention pour la chaleur"}]},{"@type":"WebSite","@id":"https:\/\/c-go.org\/#website","url":"https:\/\/c-go.org\/","name":"Communaut\u00e9s Gatineau Ouest","description":"","potentialAction":[{"@type":"SearchAction","target":{"@type":"EntryPoint","urlTemplate":"https:\/\/c-go.org\/?s={search_term_string}"},"query-input":{"@type":"PropertyValueSpecification","valueRequired":true,"valueName":"search_term_string"}}],"inLanguage":"en-US"},{"@type":"Person","@id":"https:\/\/c-go.org\/#\/schema\/person\/aa8fd9ca071e810eee2fa3f1375cab05","name":"Aur\u00e9lie","image":{"@type":"ImageObject","inLanguage":"en-US","@id":"https:\/\/secure.gravatar.com\/avatar\/17ad3c5ab44f5ade4d1501bba8088c0a760b08425614a0ada6ccedd6af89cbf4?s=96&d=mm&r=g","url":"https:\/\/secure.gravatar.com\/avatar\/17ad3c5ab44f5ade4d1501bba8088c0a760b08425614a0ada6ccedd6af89cbf4?s=96&d=mm&r=g","contentUrl":"https:\/\/secure.gravatar.com\/avatar\/17ad3c5ab44f5ade4d1501bba8088c0a760b08425614a0ada6ccedd6af89cbf4?s=96&d=mm&r=g","caption":"Aur\u00e9lie"}}]}},"_links":{"self":[{"href":"https:\/\/c-go.org\/en\/wp-json\/wp\/v2\/posts\/1391","targetHints":{"allow":["GET"]}}],"collection":[{"href":"https:\/\/c-go.org\/en\/wp-json\/wp\/v2\/posts"}],"about":[{"href":"https:\/\/c-go.org\/en\/wp-json\/wp\/v2\/types\/post"}],"author":[{"embeddable":true,"href":"https:\/\/c-go.org\/en\/wp-json\/wp\/v2\/users\/4"}],"replies":[{"embeddable":true,"href":"https:\/\/c-go.org\/en\/wp-json\/wp\/v2\/comments?post=1391"}],"version-history":[{"count":1,"href":"https:\/\/c-go.org\/en\/wp-json\/wp\/v2\/posts\/1391\/revisions"}],"predecessor-version":[{"id":1393,"href":"https:\/\/c-go.org\/en\/wp-json\/wp\/v2\/posts\/1391\/revisions\/1393"}],"wp:attachment":[{"href":"https:\/\/c-go.org\/en\/wp-json\/wp\/v2\/media?parent=1391"}],"wp:term":[{"taxonomy":"category","embeddable":true,"href":"https:\/\/c-go.org\/en\/wp-json\/wp\/v2\/categories?post=1391"},{"taxonomy":"post_tag","embeddable":true,"href":"https:\/\/c-go.org\/en\/wp-json\/wp\/v2\/tags?post=1391"}],"curies":[{"name":"wp","href":"https:\/\/api.w.org\/{rel}","templated":true}]}}