{"id":584,"date":"2020-06-11T13:37:41","date_gmt":"2020-06-11T17:37:41","guid":{"rendered":"http:\/\/c-go.org\/2020\/06\/11\/assemblee-generale-annuelle-reportee-28-septembre-2020\/"},"modified":"2020-06-23T10:28:03","modified_gmt":"2020-06-23T14:28:03","slug":"assemblee-generale-annuelle-reportee-28-septembre-2020","status":"publish","type":"post","link":"https:\/\/c-go.org\/en\/2020\/06\/11\/assemblee-generale-annuelle-reportee-28-septembre-2020\/","title":{"rendered":"Assembl\u00e9e g\u00e9n\u00e9rale annuelle report\u00e9e | 28 septembre 2020"},"content":{"rendered":"<p>D\u00fb \u00e0 la situation exceptionnelle nous devons reporter notre assembl\u00e9e g\u00e9n\u00e9rale annuelle au <strong>28 septembre prochain<\/strong>.<\/p>\n<p>Vous d\u00e9sirez recevoir les d\u00e9tails de notre assembl\u00e9e (heure, emplacement, etc.) <a href=\"http:\/\/c-go.org\/#infolettre\">inscrivez-vous \u00e0 notre infolettre.<\/a><\/p>\n<p><img loading=\"lazy\" decoding=\"async\" class=\"alignnone size-full wp-image-580\" src=\"https:\/\/c-go.org\/wp-content\/uploads\/2020\/06\/AGA_REPORTEE.png\" alt=\"\" width=\"600\" height=\"176\" \/><\/p>\n","protected":false},"excerpt":{"rendered":"<p>D\u00fb \u00e0 la situation exceptionnelle nous devons reporter notre assembl\u00e9e g\u00e9n\u00e9rale annuelle au 28 septembre prochain. Vous d\u00e9sirez recevoir les d\u00e9tails de notre assembl\u00e9e (heure, emplacement, etc.) inscrivez-vous \u00e0 notre infolettre.<\/p>\n","protected":false},"author":4,"featured_media":0,"comment_status":"open","ping_status":"open","sticky":false,"template":"","format":"standard","meta":{"_acf_changed":false,"content-type":"","footnotes":""},"categories":[6],"tags":[],"class_list":["post-584","post","type-post","status-publish","format-standard","hentry","category-uncategorized"],"acf":[],"yoast_head":"<!-- This site is optimized with the Yoast SEO plugin v27.3 - https:\/\/yoast.com\/product\/yoast-seo-wordpress\/ -->\n<title>Assembl\u00e9e g\u00e9n\u00e9rale annuelle report\u00e9e | 28 septembre 2020 &#8212; Communaut\u00e9s Gatineau Ouest<\/title>\n<meta name=\"robots\" content=\"index, follow, max-snippet:-1, max-image-preview:large, max-video-preview:-1\" \/>\n<link rel=\"canonical\" href=\"https:\/\/c-go.org\/en\/2020\/06\/11\/assemblee-generale-annuelle-reportee-28-septembre-2020\/\" \/>\n<meta property=\"og:locale\" content=\"en_US\" \/>\n<meta property=\"og:type\" content=\"article\" \/>\n<meta property=\"og:title\" content=\"Assembl\u00e9e g\u00e9n\u00e9rale annuelle report\u00e9e | 28 septembre 2020 &#8212; Communaut\u00e9s Gatineau Ouest\" \/>\n<meta property=\"og:description\" content=\"D\u00fb \u00e0 la situation exceptionnelle nous devons reporter notre assembl\u00e9e g\u00e9n\u00e9rale annuelle au 28 septembre prochain. Vous d\u00e9sirez recevoir les d\u00e9tails de notre assembl\u00e9e (heure, emplacement, etc.) inscrivez-vous \u00e0 notre infolettre.\" \/>\n<meta property=\"og:url\" content=\"https:\/\/c-go.org\/en\/2020\/06\/11\/assemblee-generale-annuelle-reportee-28-septembre-2020\/\" \/>\n<meta property=\"og:site_name\" content=\"Communaut\u00e9s Gatineau Ouest\" \/>\n<meta property=\"article:publisher\" content=\"https:\/\/www.facebook.com\/communautes.gatineauouest\" \/>\n<meta property=\"article:published_time\" content=\"2020-06-11T17:37:41+00:00\" \/>\n<meta property=\"article:modified_time\" content=\"2020-06-23T14:28:03+00:00\" \/>\n<meta property=\"og:image\" content=\"http:\/\/c-go.org\/wp-content\/uploads\/2020\/06\/AGA_REPORTEE.png\" \/>\n<meta name=\"author\" content=\"Aur\u00e9lie\" \/>\n<meta name=\"twitter:card\" content=\"summary_large_image\" \/>\n<meta name=\"twitter:label1\" content=\"Written by\" \/>\n\t<meta name=\"twitter:data1\" content=\"Aur\u00e9lie\" \/>\n<script type=\"application\/ld+json\" class=\"yoast-schema-graph\">{\"@context\":\"https:\\\/\\\/schema.org\",\"@graph\":[{\"@type\":\"Article\",\"@id\":\"https:\\\/\\\/c-go.org\\\/en\\\/2020\\\/06\\\/11\\\/assemblee-generale-annuelle-reportee-28-septembre-2020\\\/#article\",\"isPartOf\":{\"@id\":\"https:\\\/\\\/c-go.org\\\/en\\\/2020\\\/06\\\/11\\\/assemblee-generale-annuelle-reportee-28-septembre-2020\\\/\"},\"author\":{\"name\":\"Aur\u00e9lie\",\"@id\":\"https:\\\/\\\/c-go.org\\\/#\\\/schema\\\/person\\\/aa8fd9ca071e810eee2fa3f1375cab05\"},\"headline\":\"Assembl\u00e9e g\u00e9n\u00e9rale annuelle report\u00e9e | 28 septembre 2020\",\"datePublished\":\"2020-06-11T17:37:41+00:00\",\"dateModified\":\"2020-06-23T14:28:03+00:00\",\"mainEntityOfPage\":{\"@id\":\"https:\\\/\\\/c-go.org\\\/en\\\/2020\\\/06\\\/11\\\/assemblee-generale-annuelle-reportee-28-septembre-2020\\\/\"},\"wordCount\":43,\"commentCount\":0,\"image\":{\"@id\":\"https:\\\/\\\/c-go.org\\\/en\\\/2020\\\/06\\\/11\\\/assemblee-generale-annuelle-reportee-28-septembre-2020\\\/#primaryimage\"},\"thumbnailUrl\":\"https:\\\/\\\/c-go.org\\\/wp-content\\\/uploads\\\/2020\\\/06\\\/AGA_REPORTEE.png\",\"inLanguage\":\"en-US\"},{\"@type\":\"WebPage\",\"@id\":\"https:\\\/\\\/c-go.org\\\/en\\\/2020\\\/06\\\/11\\\/assemblee-generale-annuelle-reportee-28-septembre-2020\\\/\",\"url\":\"https:\\\/\\\/c-go.org\\\/en\\\/2020\\\/06\\\/11\\\/assemblee-generale-annuelle-reportee-28-septembre-2020\\\/\",\"name\":\"Assembl\u00e9e g\u00e9n\u00e9rale annuelle report\u00e9e | 28 septembre 2020 &#8212; Communaut\u00e9s Gatineau Ouest\",\"isPartOf\":{\"@id\":\"https:\\\/\\\/c-go.org\\\/#website\"},\"primaryImageOfPage\":{\"@id\":\"https:\\\/\\\/c-go.org\\\/en\\\/2020\\\/06\\\/11\\\/assemblee-generale-annuelle-reportee-28-septembre-2020\\\/#primaryimage\"},\"image\":{\"@id\":\"https:\\\/\\\/c-go.org\\\/en\\\/2020\\\/06\\\/11\\\/assemblee-generale-annuelle-reportee-28-septembre-2020\\\/#primaryimage\"},\"thumbnailUrl\":\"https:\\\/\\\/c-go.org\\\/wp-content\\\/uploads\\\/2020\\\/06\\\/AGA_REPORTEE.png\",\"datePublished\":\"2020-06-11T17:37:41+00:00\",\"dateModified\":\"2020-06-23T14:28:03+00:00\",\"author\":{\"@id\":\"https:\\\/\\\/c-go.org\\\/#\\\/schema\\\/person\\\/aa8fd9ca071e810eee2fa3f1375cab05\"},\"breadcrumb\":{\"@id\":\"https:\\\/\\\/c-go.org\\\/en\\\/2020\\\/06\\\/11\\\/assemblee-generale-annuelle-reportee-28-septembre-2020\\\/#breadcrumb\"},\"inLanguage\":\"en-US\",\"potentialAction\":[{\"@type\":\"ReadAction\",\"target\":[\"https:\\\/\\\/c-go.org\\\/en\\\/2020\\\/06\\\/11\\\/assemblee-generale-annuelle-reportee-28-septembre-2020\\\/\"]}]},{\"@type\":\"ImageObject\",\"inLanguage\":\"en-US\",\"@id\":\"https:\\\/\\\/c-go.org\\\/en\\\/2020\\\/06\\\/11\\\/assemblee-generale-annuelle-reportee-28-septembre-2020\\\/#primaryimage\",\"url\":\"https:\\\/\\\/c-go.org\\\/wp-content\\\/uploads\\\/2020\\\/06\\\/AGA_REPORTEE.png\",\"contentUrl\":\"https:\\\/\\\/c-go.org\\\/wp-content\\\/uploads\\\/2020\\\/06\\\/AGA_REPORTEE.png\"},{\"@type\":\"BreadcrumbList\",\"@id\":\"https:\\\/\\\/c-go.org\\\/en\\\/2020\\\/06\\\/11\\\/assemblee-generale-annuelle-reportee-28-septembre-2020\\\/#breadcrumb\",\"itemListElement\":[{\"@type\":\"ListItem\",\"position\":1,\"name\":\"Accueil\",\"item\":\"https:\\\/\\\/c-go.org\\\/en\\\/\"},{\"@type\":\"ListItem\",\"position\":2,\"name\":\"Assembl\u00e9e g\u00e9n\u00e9rale annuelle report\u00e9e | 28 septembre 2020\"}]},{\"@type\":\"WebSite\",\"@id\":\"https:\\\/\\\/c-go.org\\\/#website\",\"url\":\"https:\\\/\\\/c-go.org\\\/\",\"name\":\"Communaut\u00e9s Gatineau Ouest\",\"description\":\"\",\"potentialAction\":[{\"@type\":\"SearchAction\",\"target\":{\"@type\":\"EntryPoint\",\"urlTemplate\":\"https:\\\/\\\/c-go.org\\\/?s={search_term_string}\"},\"query-input\":{\"@type\":\"PropertyValueSpecification\",\"valueRequired\":true,\"valueName\":\"search_term_string\"}}],\"inLanguage\":\"en-US\"},{\"@type\":\"Person\",\"@id\":\"https:\\\/\\\/c-go.org\\\/#\\\/schema\\\/person\\\/aa8fd9ca071e810eee2fa3f1375cab05\",\"name\":\"Aur\u00e9lie\",\"image\":{\"@type\":\"ImageObject\",\"inLanguage\":\"en-US\",\"@id\":\"https:\\\/\\\/secure.gravatar.com\\\/avatar\\\/17ad3c5ab44f5ade4d1501bba8088c0a760b08425614a0ada6ccedd6af89cbf4?s=96&d=mm&r=g\",\"url\":\"https:\\\/\\\/secure.gravatar.com\\\/avatar\\\/17ad3c5ab44f5ade4d1501bba8088c0a760b08425614a0ada6ccedd6af89cbf4?s=96&d=mm&r=g\",\"contentUrl\":\"https:\\\/\\\/secure.gravatar.com\\\/avatar\\\/17ad3c5ab44f5ade4d1501bba8088c0a760b08425614a0ada6ccedd6af89cbf4?s=96&d=mm&r=g\",\"caption\":\"Aur\u00e9lie\"}}]}<\/script>\n<!-- \/ Yoast SEO plugin. -->","yoast_head_json":{"title":"Assembl\u00e9e g\u00e9n\u00e9rale annuelle report\u00e9e | 28 septembre 2020 &#8212; Communaut\u00e9s Gatineau Ouest","robots":{"index":"index","follow":"follow","max-snippet":"max-snippet:-1","max-image-preview":"max-image-preview:large","max-video-preview":"max-video-preview:-1"},"canonical":"https:\/\/c-go.org\/en\/2020\/06\/11\/assemblee-generale-annuelle-reportee-28-septembre-2020\/","og_locale":"en_US","og_type":"article","og_title":"Assembl\u00e9e g\u00e9n\u00e9rale annuelle report\u00e9e | 28 septembre 2020 &#8212; Communaut\u00e9s Gatineau Ouest","og_description":"D\u00fb \u00e0 la situation exceptionnelle nous devons reporter notre assembl\u00e9e g\u00e9n\u00e9rale annuelle au 28 septembre prochain. Vous d\u00e9sirez recevoir les d\u00e9tails de notre assembl\u00e9e (heure, emplacement, etc.) inscrivez-vous \u00e0 notre infolettre.","og_url":"https:\/\/c-go.org\/en\/2020\/06\/11\/assemblee-generale-annuelle-reportee-28-septembre-2020\/","og_site_name":"Communaut\u00e9s Gatineau Ouest","article_publisher":"https:\/\/www.facebook.com\/communautes.gatineauouest","article_published_time":"2020-06-11T17:37:41+00:00","article_modified_time":"2020-06-23T14:28:03+00:00","og_image":[{"url":"http:\/\/c-go.org\/wp-content\/uploads\/2020\/06\/AGA_REPORTEE.png","type":"","width":"","height":""}],"author":"Aur\u00e9lie","twitter_card":"summary_large_image","twitter_misc":{"Written by":"Aur\u00e9lie"},"schema":{"@context":"https:\/\/schema.org","@graph":[{"@type":"Article","@id":"https:\/\/c-go.org\/en\/2020\/06\/11\/assemblee-generale-annuelle-reportee-28-septembre-2020\/#article","isPartOf":{"@id":"https:\/\/c-go.org\/en\/2020\/06\/11\/assemblee-generale-annuelle-reportee-28-septembre-2020\/"},"author":{"name":"Aur\u00e9lie","@id":"https:\/\/c-go.org\/#\/schema\/person\/aa8fd9ca071e810eee2fa3f1375cab05"},"headline":"Assembl\u00e9e g\u00e9n\u00e9rale annuelle report\u00e9e | 28 septembre 2020","datePublished":"2020-06-11T17:37:41+00:00","dateModified":"2020-06-23T14:28:03+00:00","mainEntityOfPage":{"@id":"https:\/\/c-go.org\/en\/2020\/06\/11\/assemblee-generale-annuelle-reportee-28-septembre-2020\/"},"wordCount":43,"commentCount":0,"image":{"@id":"https:\/\/c-go.org\/en\/2020\/06\/11\/assemblee-generale-annuelle-reportee-28-septembre-2020\/#primaryimage"},"thumbnailUrl":"https:\/\/c-go.org\/wp-content\/uploads\/2020\/06\/AGA_REPORTEE.png","inLanguage":"en-US"},{"@type":"WebPage","@id":"https:\/\/c-go.org\/en\/2020\/06\/11\/assemblee-generale-annuelle-reportee-28-septembre-2020\/","url":"https:\/\/c-go.org\/en\/2020\/06\/11\/assemblee-generale-annuelle-reportee-28-septembre-2020\/","name":"Assembl\u00e9e g\u00e9n\u00e9rale annuelle report\u00e9e | 28 septembre 2020 &#8212; Communaut\u00e9s Gatineau Ouest","isPartOf":{"@id":"https:\/\/c-go.org\/#website"},"primaryImageOfPage":{"@id":"https:\/\/c-go.org\/en\/2020\/06\/11\/assemblee-generale-annuelle-reportee-28-septembre-2020\/#primaryimage"},"image":{"@id":"https:\/\/c-go.org\/en\/2020\/06\/11\/assemblee-generale-annuelle-reportee-28-septembre-2020\/#primaryimage"},"thumbnailUrl":"https:\/\/c-go.org\/wp-content\/uploads\/2020\/06\/AGA_REPORTEE.png","datePublished":"2020-06-11T17:37:41+00:00","dateModified":"2020-06-23T14:28:03+00:00","author":{"@id":"https:\/\/c-go.org\/#\/schema\/person\/aa8fd9ca071e810eee2fa3f1375cab05"},"breadcrumb":{"@id":"https:\/\/c-go.org\/en\/2020\/06\/11\/assemblee-generale-annuelle-reportee-28-septembre-2020\/#breadcrumb"},"inLanguage":"en-US","potentialAction":[{"@type":"ReadAction","target":["https:\/\/c-go.org\/en\/2020\/06\/11\/assemblee-generale-annuelle-reportee-28-septembre-2020\/"]}]},{"@type":"ImageObject","inLanguage":"en-US","@id":"https:\/\/c-go.org\/en\/2020\/06\/11\/assemblee-generale-annuelle-reportee-28-septembre-2020\/#primaryimage","url":"https:\/\/c-go.org\/wp-content\/uploads\/2020\/06\/AGA_REPORTEE.png","contentUrl":"https:\/\/c-go.org\/wp-content\/uploads\/2020\/06\/AGA_REPORTEE.png"},{"@type":"BreadcrumbList","@id":"https:\/\/c-go.org\/en\/2020\/06\/11\/assemblee-generale-annuelle-reportee-28-septembre-2020\/#breadcrumb","itemListElement":[{"@type":"ListItem","position":1,"name":"Accueil","item":"https:\/\/c-go.org\/en\/"},{"@type":"ListItem","position":2,"name":"Assembl\u00e9e g\u00e9n\u00e9rale annuelle report\u00e9e | 28 septembre 2020"}]},{"@type":"WebSite","@id":"https:\/\/c-go.org\/#website","url":"https:\/\/c-go.org\/","name":"Communaut\u00e9s Gatineau Ouest","description":"","potentialAction":[{"@type":"SearchAction","target":{"@type":"EntryPoint","urlTemplate":"https:\/\/c-go.org\/?s={search_term_string}"},"query-input":{"@type":"PropertyValueSpecification","valueRequired":true,"valueName":"search_term_string"}}],"inLanguage":"en-US"},{"@type":"Person","@id":"https:\/\/c-go.org\/#\/schema\/person\/aa8fd9ca071e810eee2fa3f1375cab05","name":"Aur\u00e9lie","image":{"@type":"ImageObject","inLanguage":"en-US","@id":"https:\/\/secure.gravatar.com\/avatar\/17ad3c5ab44f5ade4d1501bba8088c0a760b08425614a0ada6ccedd6af89cbf4?s=96&d=mm&r=g","url":"https:\/\/secure.gravatar.com\/avatar\/17ad3c5ab44f5ade4d1501bba8088c0a760b08425614a0ada6ccedd6af89cbf4?s=96&d=mm&r=g","contentUrl":"https:\/\/secure.gravatar.com\/avatar\/17ad3c5ab44f5ade4d1501bba8088c0a760b08425614a0ada6ccedd6af89cbf4?s=96&d=mm&r=g","caption":"Aur\u00e9lie"}}]}},"_links":{"self":[{"href":"https:\/\/c-go.org\/en\/wp-json\/wp\/v2\/posts\/584","targetHints":{"allow":["GET"]}}],"collection":[{"href":"https:\/\/c-go.org\/en\/wp-json\/wp\/v2\/posts"}],"about":[{"href":"https:\/\/c-go.org\/en\/wp-json\/wp\/v2\/types\/post"}],"author":[{"embeddable":true,"href":"https:\/\/c-go.org\/en\/wp-json\/wp\/v2\/users\/4"}],"replies":[{"embeddable":true,"href":"https:\/\/c-go.org\/en\/wp-json\/wp\/v2\/comments?post=584"}],"version-history":[{"count":1,"href":"https:\/\/c-go.org\/en\/wp-json\/wp\/v2\/posts\/584\/revisions"}],"predecessor-version":[{"id":586,"href":"https:\/\/c-go.org\/en\/wp-json\/wp\/v2\/posts\/584\/revisions\/586"}],"wp:attachment":[{"href":"https:\/\/c-go.org\/en\/wp-json\/wp\/v2\/media?parent=584"}],"wp:term":[{"taxonomy":"category","embeddable":true,"href":"https:\/\/c-go.org\/en\/wp-json\/wp\/v2\/categories?post=584"},{"taxonomy":"post_tag","embeddable":true,"href":"https:\/\/c-go.org\/en\/wp-json\/wp\/v2\/tags?post=584"}],"curies":[{"name":"wp","href":"https:\/\/api.w.org\/{rel}","templated":true}]}}